{"id":352987,"date":"2018-10-05T13:14:45","date_gmt":"2018-10-05T13:14:45","guid":{"rendered":"http:\/\/www.morgantecnica.com\/fabrizio-giachetti-nuovo-membro-del-board-vdma\/"},"modified":"2020-07-07T21:25:29","modified_gmt":"2020-07-07T21:25:29","slug":"fabrizio-giachetti-nuovo-membro-del-board-vdma","status":"publish","type":"post","link":"https:\/\/www.morgantecnica.com\/es\/el-ceo-de-morgan-fabrizio-giachetti-ingresa-en-el-board-de-vdma\/","title":{"rendered":"El CEO de Morgan, Fabrizio Giachetti, ingresa en el board de VDMA"},"content":{"rendered":"<p>Unos a\u00f1os despu\u00e9s de su ingreso, la primera compa\u00f1\u00eda no alemana, en el VDMA, la asociaci\u00f3n m\u00e1s grande e importante de Europa que re\u00fane a los fabricantes de maquinaria para maquinaria textil, en la reuni\u00f3n anual celebrada en estos d\u00edas en Munich, Morgan Technique ha consolidado a\u00fan m\u00e1s su compromiso con la entrada del consejero delegado, Fabrizio Giachetti, en el consejo de la asociaci\u00f3n. Un importante reconocimiento del crecimiento y el prestigio adquirido por la empresa en todo el mundo y un paso importante de VDMA en su plan de crecimiento que lo lleva a superar la perspectiva nacional al ser acreditado como un punto de referencia para todos los productores europeos.<\/p>\n<p><a href=\"https:\/\/www.morgantecnica.com\/wp-content\/uploads\/2018\/10\/WhatsApp-Image-2018-10-05-at-10.32.11-300x225.jpeg\"><img loading=\"lazy\" decoding=\"async\" src=\"https:\/\/www.morgantecnica.com\/wp-content\/uploads\/2018\/10\/WhatsApp-Image-2018-10-05-at-10.32.11-300x225.jpeg\" alt=\"\" width=\"300\" height=\"225\" class=\"aligncenter size-medium wp-image-352991\" srcset=\"https:\/\/www.morgantecnica.com\/wp-content\/uploads\/2018\/10\/WhatsApp-Image-2018-10-05-at-10.32.11-300x225.jpeg 300w, https:\/\/www.morgantecnica.com\/wp-content\/uploads\/2018\/10\/WhatsApp-Image-2018-10-05-at-10.32.11-768x576.jpeg 768w, https:\/\/www.morgantecnica.com\/wp-content\/uploads\/2018\/10\/WhatsApp-Image-2018-10-05-at-10.32.11-700x525.jpeg 700w, https:\/\/www.morgantecnica.com\/wp-content\/uploads\/2018\/10\/WhatsApp-Image-2018-10-05-at-10.32.11.jpeg 800w\" sizes=\"auto, (max-width: 300px) 100vw, 300px\" \/><\/a><a href=\"https:\/\/www.morgantecnica.com\/wp-content\/uploads\/2018\/10\/WhatsApp-Image-2018-10-05-at-10.32.12-300x225.jpeg\"><img loading=\"lazy\" decoding=\"async\" src=\"https:\/\/www.morgantecnica.com\/wp-content\/uploads\/2018\/10\/WhatsApp-Image-2018-10-05-at-10.32.12-300x225.jpeg\" alt=\"\" width=\"300\" height=\"225\" class=\"aligncenter size-medium wp-image-352995\" srcset=\"https:\/\/www.morgantecnica.com\/wp-content\/uploads\/2018\/10\/WhatsApp-Image-2018-10-05-at-10.32.12-300x225.jpeg 300w, https:\/\/www.morgantecnica.com\/wp-content\/uploads\/2018\/10\/WhatsApp-Image-2018-10-05-at-10.32.12-768x576.jpeg 768w, https:\/\/www.morgantecnica.com\/wp-content\/uploads\/2018\/10\/WhatsApp-Image-2018-10-05-at-10.32.12-700x525.jpeg 700w, https:\/\/www.morgantecnica.com\/wp-content\/uploads\/2018\/10\/WhatsApp-Image-2018-10-05-at-10.32.12.jpeg 800w\" sizes=\"auto, (max-width: 300px) 100vw, 300px\" \/><\/a><\/p>\n","protected":false},"excerpt":{"rendered":"<p>Unos a\u00f1os despu\u00e9s de su ingreso, la primera compa\u00f1\u00eda no alemana, en el VDMA, la asociaci\u00f3n m\u00e1s grande e importante de Europa que re\u00fane a los fabricantes de maquinaria para maquinaria textil, en la reuni\u00f3n anual celebrada en estos d\u00edas en Munich, Morgan Technique ha&#8230;<\/p>\n","protected":false},"author":2,"featured_media":352983,"comment_status":"open","ping_status":"closed","sticky":false,"template":"","format":"standard","meta":{"rs_blank_template":"","rs_page_bg_color":"","slide_template_v7":"","footnotes":""},"categories":[208,373],"tags":[330,331],"class_list":["post-352987","post","type-post","status-publish","format-standard","has-post-thumbnail","hentry","category-eventi-events-es","category-news-es","tag-fabrizio-giachetti-es","tag-vdma-es"],"yoast_head":"<!-- This site is optimized with the Yoast SEO plugin v27.4 - https:\/\/yoast.com\/product\/yoast-seo-wordpress\/ -->\n<title>El CEO de Morgan, Fabrizio Giachetti, ingresa en el board de VDMA - MorganTecnica<\/title>\n<meta name=\"description\" content=\"Morgan Tecnica consolida il suo impegno in VDMA con l&#039;ingresso del CEO, Fabrizio Giachetti, nel board dell&#039;associazione\" \/>\n<meta name=\"robots\" content=\"index, follow, max-snippet:-1, max-image-preview:large, max-video-preview:-1\" \/>\n<link rel=\"canonical\" href=\"https:\/\/www.morgantecnica.com\/es\/el-ceo-de-morgan-fabrizio-giachetti-ingresa-en-el-board-de-vdma\/\" \/>\n<meta property=\"og:locale\" content=\"es_ES\" \/>\n<meta property=\"og:type\" content=\"article\" \/>\n<meta property=\"og:title\" content=\"El CEO de Morgan, Fabrizio Giachetti, ingresa en el board de VDMA - MorganTecnica\" \/>\n<meta property=\"og:description\" content=\"Morgan Tecnica consolida il suo impegno in VDMA con l&#039;ingresso del CEO, Fabrizio Giachetti, nel board dell&#039;associazione\" \/>\n<meta property=\"og:url\" content=\"https:\/\/www.morgantecnica.com\/es\/el-ceo-de-morgan-fabrizio-giachetti-ingresa-en-el-board-de-vdma\/\" \/>\n<meta property=\"og:site_name\" content=\"MorganTecnica\" \/>\n<meta property=\"article:publisher\" content=\"https:\/\/www.facebook.com\/MorganTecnica\/\" \/>\n<meta property=\"article:published_time\" content=\"2018-10-05T13:14:45+00:00\" \/>\n<meta property=\"article:modified_time\" content=\"2020-07-07T21:25:29+00:00\" \/>\n<meta property=\"og:image\" content=\"https:\/\/www.morgantecnica.com\/wp-content\/uploads\/2018\/10\/WhatsApp-Image-2018-10-05-at-10.32.111.jpeg\" \/>\n\t<meta property=\"og:image:width\" content=\"798\" \/>\n\t<meta property=\"og:image:height\" content=\"600\" \/>\n\t<meta property=\"og:image:type\" content=\"image\/jpeg\" \/>\n<meta name=\"author\" content=\"MorganTecnica\" \/>\n<meta name=\"twitter:card\" content=\"summary_large_image\" \/>\n<meta name=\"twitter:creator\" content=\"@MorganTecnica\" \/>\n<meta name=\"twitter:site\" content=\"@MorganTecnica\" \/>\n<meta name=\"twitter:label1\" content=\"Escrito por\" \/>\n\t<meta name=\"twitter:data1\" content=\"MorganTecnica\" \/>\n\t<meta name=\"twitter:label2\" content=\"Tiempo de lectura\" \/>\n\t<meta name=\"twitter:data2\" content=\"1 minuto\" \/>\n<script type=\"application\/ld+json\" class=\"yoast-schema-graph\">{\"@context\":\"https:\\\/\\\/schema.org\",\"@graph\":[{\"@type\":\"Article\",\"@id\":\"https:\\\/\\\/www.morgantecnica.com\\\/es\\\/el-ceo-de-morgan-fabrizio-giachetti-ingresa-en-el-board-de-vdma\\\/#article\",\"isPartOf\":{\"@id\":\"https:\\\/\\\/www.morgantecnica.com\\\/es\\\/el-ceo-de-morgan-fabrizio-giachetti-ingresa-en-el-board-de-vdma\\\/\"},\"author\":{\"name\":\"MorganTecnica\",\"@id\":\"https:\\\/\\\/www.morgantecnica.com\\\/es\\\/#\\\/schema\\\/person\\\/0a68f941321a9dbb8779ce7fe5e65e78\"},\"headline\":\"El CEO de Morgan, Fabrizio Giachetti, ingresa en el board de VDMA\",\"datePublished\":\"2018-10-05T13:14:45+00:00\",\"dateModified\":\"2020-07-07T21:25:29+00:00\",\"mainEntityOfPage\":{\"@id\":\"https:\\\/\\\/www.morgantecnica.com\\\/es\\\/el-ceo-de-morgan-fabrizio-giachetti-ingresa-en-el-board-de-vdma\\\/\"},\"wordCount\":135,\"commentCount\":0,\"image\":{\"@id\":\"https:\\\/\\\/www.morgantecnica.com\\\/es\\\/el-ceo-de-morgan-fabrizio-giachetti-ingresa-en-el-board-de-vdma\\\/#primaryimage\"},\"thumbnailUrl\":\"https:\\\/\\\/www.morgantecnica.com\\\/wp-content\\\/uploads\\\/2018\\\/10\\\/WhatsApp-Image-2018-10-05-at-10.32.111.jpeg\",\"keywords\":[\"FABRIZIO GIACHETTI\",\"VDMA\"],\"articleSection\":[\"EVENTI\",\"News\"],\"inLanguage\":\"es\",\"potentialAction\":[{\"@type\":\"CommentAction\",\"name\":\"Comment\",\"target\":[\"https:\\\/\\\/www.morgantecnica.com\\\/es\\\/el-ceo-de-morgan-fabrizio-giachetti-ingresa-en-el-board-de-vdma\\\/#respond\"]}]},{\"@type\":\"WebPage\",\"@id\":\"https:\\\/\\\/www.morgantecnica.com\\\/es\\\/el-ceo-de-morgan-fabrizio-giachetti-ingresa-en-el-board-de-vdma\\\/\",\"url\":\"https:\\\/\\\/www.morgantecnica.com\\\/es\\\/el-ceo-de-morgan-fabrizio-giachetti-ingresa-en-el-board-de-vdma\\\/\",\"name\":\"El CEO de Morgan, Fabrizio Giachetti, ingresa en el board de VDMA - MorganTecnica\",\"isPartOf\":{\"@id\":\"https:\\\/\\\/www.morgantecnica.com\\\/es\\\/#website\"},\"primaryImageOfPage\":{\"@id\":\"https:\\\/\\\/www.morgantecnica.com\\\/es\\\/el-ceo-de-morgan-fabrizio-giachetti-ingresa-en-el-board-de-vdma\\\/#primaryimage\"},\"image\":{\"@id\":\"https:\\\/\\\/www.morgantecnica.com\\\/es\\\/el-ceo-de-morgan-fabrizio-giachetti-ingresa-en-el-board-de-vdma\\\/#primaryimage\"},\"thumbnailUrl\":\"https:\\\/\\\/www.morgantecnica.com\\\/wp-content\\\/uploads\\\/2018\\\/10\\\/WhatsApp-Image-2018-10-05-at-10.32.111.jpeg\",\"datePublished\":\"2018-10-05T13:14:45+00:00\",\"dateModified\":\"2020-07-07T21:25:29+00:00\",\"author\":{\"@id\":\"https:\\\/\\\/www.morgantecnica.com\\\/es\\\/#\\\/schema\\\/person\\\/0a68f941321a9dbb8779ce7fe5e65e78\"},\"description\":\"Morgan Tecnica consolida il suo impegno in VDMA con l'ingresso del CEO, Fabrizio Giachetti, nel board dell'associazione\",\"breadcrumb\":{\"@id\":\"https:\\\/\\\/www.morgantecnica.com\\\/es\\\/el-ceo-de-morgan-fabrizio-giachetti-ingresa-en-el-board-de-vdma\\\/#breadcrumb\"},\"inLanguage\":\"es\",\"potentialAction\":[{\"@type\":\"ReadAction\",\"target\":[\"https:\\\/\\\/www.morgantecnica.com\\\/es\\\/el-ceo-de-morgan-fabrizio-giachetti-ingresa-en-el-board-de-vdma\\\/\"]}]},{\"@type\":\"ImageObject\",\"inLanguage\":\"es\",\"@id\":\"https:\\\/\\\/www.morgantecnica.com\\\/es\\\/el-ceo-de-morgan-fabrizio-giachetti-ingresa-en-el-board-de-vdma\\\/#primaryimage\",\"url\":\"https:\\\/\\\/www.morgantecnica.com\\\/wp-content\\\/uploads\\\/2018\\\/10\\\/WhatsApp-Image-2018-10-05-at-10.32.111.jpeg\",\"contentUrl\":\"https:\\\/\\\/www.morgantecnica.com\\\/wp-content\\\/uploads\\\/2018\\\/10\\\/WhatsApp-Image-2018-10-05-at-10.32.111.jpeg\",\"width\":798,\"height\":600},{\"@type\":\"BreadcrumbList\",\"@id\":\"https:\\\/\\\/www.morgantecnica.com\\\/es\\\/el-ceo-de-morgan-fabrizio-giachetti-ingresa-en-el-board-de-vdma\\\/#breadcrumb\",\"itemListElement\":[{\"@type\":\"ListItem\",\"position\":1,\"name\":\"Home\",\"item\":\"https:\\\/\\\/www.morgantecnica.com\\\/es\\\/\"},{\"@type\":\"ListItem\",\"position\":2,\"name\":\"El CEO de Morgan, Fabrizio Giachetti, ingresa en el board de VDMA\"}]},{\"@type\":\"WebSite\",\"@id\":\"https:\\\/\\\/www.morgantecnica.com\\\/es\\\/#website\",\"url\":\"https:\\\/\\\/www.morgantecnica.com\\\/es\\\/\",\"name\":\"MorganTecnica\",\"description\":\"\",\"potentialAction\":[{\"@type\":\"SearchAction\",\"target\":{\"@type\":\"EntryPoint\",\"urlTemplate\":\"https:\\\/\\\/www.morgantecnica.com\\\/es\\\/?s={search_term_string}\"},\"query-input\":{\"@type\":\"PropertyValueSpecification\",\"valueRequired\":true,\"valueName\":\"search_term_string\"}}],\"inLanguage\":\"es\"},{\"@type\":\"Person\",\"@id\":\"https:\\\/\\\/www.morgantecnica.com\\\/es\\\/#\\\/schema\\\/person\\\/0a68f941321a9dbb8779ce7fe5e65e78\",\"name\":\"MorganTecnica\",\"image\":{\"@type\":\"ImageObject\",\"inLanguage\":\"es\",\"@id\":\"https:\\\/\\\/secure.gravatar.com\\\/avatar\\\/ede5cfaac28bc051747191bc514121fd4afcbd9fa4c06b2982c794596ded5e5a?s=96&d=mm&r=g\",\"url\":\"https:\\\/\\\/secure.gravatar.com\\\/avatar\\\/ede5cfaac28bc051747191bc514121fd4afcbd9fa4c06b2982c794596ded5e5a?s=96&d=mm&r=g\",\"contentUrl\":\"https:\\\/\\\/secure.gravatar.com\\\/avatar\\\/ede5cfaac28bc051747191bc514121fd4afcbd9fa4c06b2982c794596ded5e5a?s=96&d=mm&r=g\",\"caption\":\"MorganTecnica\"},\"sameAs\":[\"https:\\\/\\\/www.morgantecnica.com\\\/\"],\"url\":\"https:\\\/\\\/www.morgantecnica.com\\\/es\\\/author\\\/morgantecnica\\\/\"}]}<\/script>\n<!-- \/ Yoast SEO plugin. -->","yoast_head_json":{"title":"El CEO de Morgan, Fabrizio Giachetti, ingresa en el board de VDMA - MorganTecnica","description":"Morgan Tecnica consolida il suo impegno in VDMA con l'ingresso del CEO, Fabrizio Giachetti, nel board dell'associazione","robots":{"index":"index","follow":"follow","max-snippet":"max-snippet:-1","max-image-preview":"max-image-preview:large","max-video-preview":"max-video-preview:-1"},"canonical":"https:\/\/www.morgantecnica.com\/es\/el-ceo-de-morgan-fabrizio-giachetti-ingresa-en-el-board-de-vdma\/","og_locale":"es_ES","og_type":"article","og_title":"El CEO de Morgan, Fabrizio Giachetti, ingresa en el board de VDMA - MorganTecnica","og_description":"Morgan Tecnica consolida il suo impegno in VDMA con l'ingresso del CEO, Fabrizio Giachetti, nel board dell'associazione","og_url":"https:\/\/www.morgantecnica.com\/es\/el-ceo-de-morgan-fabrizio-giachetti-ingresa-en-el-board-de-vdma\/","og_site_name":"MorganTecnica","article_publisher":"https:\/\/www.facebook.com\/MorganTecnica\/","article_published_time":"2018-10-05T13:14:45+00:00","article_modified_time":"2020-07-07T21:25:29+00:00","og_image":[{"width":798,"height":600,"url":"https:\/\/www.morgantecnica.com\/wp-content\/uploads\/2018\/10\/WhatsApp-Image-2018-10-05-at-10.32.111.jpeg","type":"image\/jpeg"}],"author":"MorganTecnica","twitter_card":"summary_large_image","twitter_creator":"@MorganTecnica","twitter_site":"@MorganTecnica","twitter_misc":{"Escrito por":"MorganTecnica","Tiempo de lectura":"1 minuto"},"schema":{"@context":"https:\/\/schema.org","@graph":[{"@type":"Article","@id":"https:\/\/www.morgantecnica.com\/es\/el-ceo-de-morgan-fabrizio-giachetti-ingresa-en-el-board-de-vdma\/#article","isPartOf":{"@id":"https:\/\/www.morgantecnica.com\/es\/el-ceo-de-morgan-fabrizio-giachetti-ingresa-en-el-board-de-vdma\/"},"author":{"name":"MorganTecnica","@id":"https:\/\/www.morgantecnica.com\/es\/#\/schema\/person\/0a68f941321a9dbb8779ce7fe5e65e78"},"headline":"El CEO de Morgan, Fabrizio Giachetti, ingresa en el board de VDMA","datePublished":"2018-10-05T13:14:45+00:00","dateModified":"2020-07-07T21:25:29+00:00","mainEntityOfPage":{"@id":"https:\/\/www.morgantecnica.com\/es\/el-ceo-de-morgan-fabrizio-giachetti-ingresa-en-el-board-de-vdma\/"},"wordCount":135,"commentCount":0,"image":{"@id":"https:\/\/www.morgantecnica.com\/es\/el-ceo-de-morgan-fabrizio-giachetti-ingresa-en-el-board-de-vdma\/#primaryimage"},"thumbnailUrl":"https:\/\/www.morgantecnica.com\/wp-content\/uploads\/2018\/10\/WhatsApp-Image-2018-10-05-at-10.32.111.jpeg","keywords":["FABRIZIO GIACHETTI","VDMA"],"articleSection":["EVENTI","News"],"inLanguage":"es","potentialAction":[{"@type":"CommentAction","name":"Comment","target":["https:\/\/www.morgantecnica.com\/es\/el-ceo-de-morgan-fabrizio-giachetti-ingresa-en-el-board-de-vdma\/#respond"]}]},{"@type":"WebPage","@id":"https:\/\/www.morgantecnica.com\/es\/el-ceo-de-morgan-fabrizio-giachetti-ingresa-en-el-board-de-vdma\/","url":"https:\/\/www.morgantecnica.com\/es\/el-ceo-de-morgan-fabrizio-giachetti-ingresa-en-el-board-de-vdma\/","name":"El CEO de Morgan, Fabrizio Giachetti, ingresa en el board de VDMA - MorganTecnica","isPartOf":{"@id":"https:\/\/www.morgantecnica.com\/es\/#website"},"primaryImageOfPage":{"@id":"https:\/\/www.morgantecnica.com\/es\/el-ceo-de-morgan-fabrizio-giachetti-ingresa-en-el-board-de-vdma\/#primaryimage"},"image":{"@id":"https:\/\/www.morgantecnica.com\/es\/el-ceo-de-morgan-fabrizio-giachetti-ingresa-en-el-board-de-vdma\/#primaryimage"},"thumbnailUrl":"https:\/\/www.morgantecnica.com\/wp-content\/uploads\/2018\/10\/WhatsApp-Image-2018-10-05-at-10.32.111.jpeg","datePublished":"2018-10-05T13:14:45+00:00","dateModified":"2020-07-07T21:25:29+00:00","author":{"@id":"https:\/\/www.morgantecnica.com\/es\/#\/schema\/person\/0a68f941321a9dbb8779ce7fe5e65e78"},"description":"Morgan Tecnica consolida il suo impegno in VDMA con l'ingresso del CEO, Fabrizio Giachetti, nel board dell'associazione","breadcrumb":{"@id":"https:\/\/www.morgantecnica.com\/es\/el-ceo-de-morgan-fabrizio-giachetti-ingresa-en-el-board-de-vdma\/#breadcrumb"},"inLanguage":"es","potentialAction":[{"@type":"ReadAction","target":["https:\/\/www.morgantecnica.com\/es\/el-ceo-de-morgan-fabrizio-giachetti-ingresa-en-el-board-de-vdma\/"]}]},{"@type":"ImageObject","inLanguage":"es","@id":"https:\/\/www.morgantecnica.com\/es\/el-ceo-de-morgan-fabrizio-giachetti-ingresa-en-el-board-de-vdma\/#primaryimage","url":"https:\/\/www.morgantecnica.com\/wp-content\/uploads\/2018\/10\/WhatsApp-Image-2018-10-05-at-10.32.111.jpeg","contentUrl":"https:\/\/www.morgantecnica.com\/wp-content\/uploads\/2018\/10\/WhatsApp-Image-2018-10-05-at-10.32.111.jpeg","width":798,"height":600},{"@type":"BreadcrumbList","@id":"https:\/\/www.morgantecnica.com\/es\/el-ceo-de-morgan-fabrizio-giachetti-ingresa-en-el-board-de-vdma\/#breadcrumb","itemListElement":[{"@type":"ListItem","position":1,"name":"Home","item":"https:\/\/www.morgantecnica.com\/es\/"},{"@type":"ListItem","position":2,"name":"El CEO de Morgan, Fabrizio Giachetti, ingresa en el board de VDMA"}]},{"@type":"WebSite","@id":"https:\/\/www.morgantecnica.com\/es\/#website","url":"https:\/\/www.morgantecnica.com\/es\/","name":"MorganTecnica","description":"","potentialAction":[{"@type":"SearchAction","target":{"@type":"EntryPoint","urlTemplate":"https:\/\/www.morgantecnica.com\/es\/?s={search_term_string}"},"query-input":{"@type":"PropertyValueSpecification","valueRequired":true,"valueName":"search_term_string"}}],"inLanguage":"es"},{"@type":"Person","@id":"https:\/\/www.morgantecnica.com\/es\/#\/schema\/person\/0a68f941321a9dbb8779ce7fe5e65e78","name":"MorganTecnica","image":{"@type":"ImageObject","inLanguage":"es","@id":"https:\/\/secure.gravatar.com\/avatar\/ede5cfaac28bc051747191bc514121fd4afcbd9fa4c06b2982c794596ded5e5a?s=96&d=mm&r=g","url":"https:\/\/secure.gravatar.com\/avatar\/ede5cfaac28bc051747191bc514121fd4afcbd9fa4c06b2982c794596ded5e5a?s=96&d=mm&r=g","contentUrl":"https:\/\/secure.gravatar.com\/avatar\/ede5cfaac28bc051747191bc514121fd4afcbd9fa4c06b2982c794596ded5e5a?s=96&d=mm&r=g","caption":"MorganTecnica"},"sameAs":["https:\/\/www.morgantecnica.com\/"],"url":"https:\/\/www.morgantecnica.com\/es\/author\/morgantecnica\/"}]}},"_links":{"self":[{"href":"https:\/\/www.morgantecnica.com\/es\/wp-json\/wp\/v2\/posts\/352987","targetHints":{"allow":["GET"]}}],"collection":[{"href":"https:\/\/www.morgantecnica.com\/es\/wp-json\/wp\/v2\/posts"}],"about":[{"href":"https:\/\/www.morgantecnica.com\/es\/wp-json\/wp\/v2\/types\/post"}],"author":[{"embeddable":true,"href":"https:\/\/www.morgantecnica.com\/es\/wp-json\/wp\/v2\/users\/2"}],"replies":[{"embeddable":true,"href":"https:\/\/www.morgantecnica.com\/es\/wp-json\/wp\/v2\/comments?post=352987"}],"version-history":[{"count":0,"href":"https:\/\/www.morgantecnica.com\/es\/wp-json\/wp\/v2\/posts\/352987\/revisions"}],"wp:featuredmedia":[{"embeddable":true,"href":"https:\/\/www.morgantecnica.com\/es\/wp-json\/wp\/v2\/media\/352983"}],"wp:attachment":[{"href":"https:\/\/www.morgantecnica.com\/es\/wp-json\/wp\/v2\/media?parent=352987"}],"wp:term":[{"taxonomy":"category","embeddable":true,"href":"https:\/\/www.morgantecnica.com\/es\/wp-json\/wp\/v2\/categories?post=352987"},{"taxonomy":"post_tag","embeddable":true,"href":"https:\/\/www.morgantecnica.com\/es\/wp-json\/wp\/v2\/tags?post=352987"}],"curies":[{"name":"wp","href":"https:\/\/api.w.org\/{rel}","templated":true}]}}